{"id":21482,"date":"2016-10-24T00:00:00","date_gmt":"2016-10-24T05:00:00","guid":{"rendered":"https:\/\/www.dejusticia.org\/discussion-forum-the-future-of-social-rights\/"},"modified":"2017-04-11T10:04:01","modified_gmt":"2017-04-11T15:04:01","slug":"discussion-forum-the-future-of-social-rights","status":"publish","type":"post","link":"https:\/\/develop.dejusticia.org\/en\/discussion-forum-the-future-of-social-rights\/","title":{"rendered":"Discussion forum: The Future of Social Rights"},"content":{"rendered":"<p>Esta&nbsp;semana damos&nbsp;inicio a nuestro Curso Intensivo sobre Derechos Econ\u00f3micos, Sociales y Culturales: Am\u00e9rica Latina en contexto Global. El curso re\u00fane acad\u00e9micos nacionales e internacionales en el \u00e1rea, as\u00ed como participantes de 13 pa\u00edses para aprender y construir conocimiento desde el Sur Global.<\/p>\n<p>El martes 25 de octubre, tendremos un evento abierto. Aunque las inscripciones ya finalizaron, habr\u00e1&nbsp;<a href=\"https:\/\/www.youtube.com\/watch?v=0vG0KzoYSNY\" data-mce-href=\"https:\/\/www.youtube.com\/watch?v=0vG0KzoYSNY\">transmisi\u00f3n en vivo.<\/a><\/p>\n<p class=\"MsoNormal\"><strong>Foro de discusi\u00f3n: El Futuro de los Derechos Sociales&nbsp;<\/strong><\/p>\n<p class=\"MsoNormal\">Martes 25 de octubre (5:00 pm en Dejusticia)<\/p>\n<p class=\"MsoNormal\">Panelistas: Malcolm Langford, Cesar Rodr\u00edguez,&nbsp;Rodrigo Uprimny, Katharine Young.<\/p>\n<p><img loading=\"lazy\" decoding=\"async\" src=\"http:\/\/i68.tinypic.com\/2wmmhl3.jpg\" alt=\"\" width=\"500\" height=\"1079\" data-mce-src=\"http:\/\/i68.tinypic.com\/2wmmhl3.jpg\"><\/p>\n","protected":false},"excerpt":{"rendered":"<p>As part of our Intensive Course on Economic, Social and Cultural Rights: Latin America in a Global Context, we invite you to an event on October 25th on the future of socials rights. The event will be livestreamed.<\/p>\n","protected":false},"author":91,"featured_media":36341,"comment_status":"closed","ping_status":"closed","sticky":false,"template":"","format":"standard","meta":{"_acf_changed":false,"footnotes":""},"categories":[1773,1605,6465],"tags":[2172,2919],"class_list":["post-21482","post","type-post","status-publish","format-standard","has-post-thumbnail","hentry","category-internationalization","category-economic-justice","category-noticias-internacional-en","tag-derechos-economicos","tag-sociales-y-culturales-desc","subcategory-escr","subcategory-internationalization","post-scope-aaa-not-blog","post-scope-internacional-en","post-scope-both-international-national"],"acf":[],"yoast_head":"<!-- This site is optimized with the Yoast SEO Premium plugin v25.9 (Yoast SEO v25.9) - https:\/\/yoast.com\/wordpress\/plugins\/seo\/ -->\n<title>Discussion forum: The Future of Social Rights - Dejusticia<\/title>\n<meta name=\"robots\" content=\"index, follow, max-snippet:-1, max-image-preview:large, max-video-preview:-1\" \/>\n<link rel=\"canonical\" href=\"https:\/\/develop.dejusticia.org\/en\/discussion-forum-the-future-of-social-rights\/\" \/>\n<meta property=\"og:locale\" content=\"en_US\" \/>\n<meta property=\"og:type\" content=\"article\" \/>\n<meta property=\"og:title\" content=\"Discussion forum: The Future of Social Rights\" \/>\n<meta property=\"og:description\" content=\"As part of our Intensive Course on Economic, Social and Cultural Rights: Latin America in a Global Context, we invite you to an event on October 25th on the future of socials rights. The event will be livestreamed.\" \/>\n<meta property=\"og:url\" content=\"https:\/\/develop.dejusticia.org\/en\/discussion-forum-the-future-of-social-rights\/\" \/>\n<meta property=\"og:site_name\" content=\"Dejusticia\" \/>\n<meta property=\"article:publisher\" content=\"https:\/\/www.facebook.com\/Dejusticia\/\" \/>\n<meta property=\"article:published_time\" content=\"2016-10-24T05:00:00+00:00\" \/>\n<meta property=\"article:modified_time\" content=\"2017-04-11T15:04:01+00:00\" \/>\n<meta property=\"og:image\" content=\"https:\/\/develop.dejusticia.org\/wp-content\/uploads\/2017\/04\/foro_de_discusion_sobre_el_futuro_de_los_derechos_sociales.jpeg\" \/>\n\t<meta property=\"og:image:width\" content=\"538\" \/>\n\t<meta property=\"og:image:height\" content=\"309\" \/>\n\t<meta property=\"og:image:type\" content=\"image\/jpeg\" \/>\n<meta name=\"author\" content=\"Diana Guarnizo\" \/>\n<meta name=\"twitter:card\" content=\"summary_large_image\" \/>\n<meta name=\"twitter:creator\" content=\"@dejusticia\" \/>\n<meta name=\"twitter:site\" content=\"@dejusticia\" \/>\n<meta name=\"twitter:label1\" content=\"Written by\" \/>\n\t<meta name=\"twitter:data1\" content=\"Diana Guarnizo\" \/>\n<script type=\"application\/ld+json\" class=\"yoast-schema-graph\">{\"@context\":\"https:\/\/schema.org\",\"@graph\":[{\"@type\":[\"Article\",\"NewsArticle\"],\"@id\":\"https:\/\/develop.dejusticia.org\/en\/discussion-forum-the-future-of-social-rights\/#article\",\"isPartOf\":{\"@id\":\"https:\/\/develop.dejusticia.org\/en\/discussion-forum-the-future-of-social-rights\/\"},\"author\":{\"name\":\"Diana Guarnizo\",\"@id\":\"https:\/\/develop.dejusticia.org\/#\/schema\/person\/a29d463cf552994b52648600df449beb\"},\"headline\":\"Discussion forum: The Future of Social Rights\",\"datePublished\":\"2016-10-24T05:00:00+00:00\",\"dateModified\":\"2017-04-11T15:04:01+00:00\",\"mainEntityOfPage\":{\"@id\":\"https:\/\/develop.dejusticia.org\/en\/discussion-forum-the-future-of-social-rights\/\"},\"wordCount\":104,\"publisher\":{\"@id\":\"https:\/\/develop.dejusticia.org\/#organization\"},\"image\":{\"@id\":\"https:\/\/develop.dejusticia.org\/en\/discussion-forum-the-future-of-social-rights\/#primaryimage\"},\"thumbnailUrl\":\"https:\/\/develop.dejusticia.org\/wp-content\/uploads\/2017\/04\/foro_de_discusion_sobre_el_futuro_de_los_derechos_sociales.jpeg\",\"keywords\":[\"Derechos econ\u00f3micos\",\"sociales-y-culturales-desc\"],\"articleSection\":[\"Area-Global South &amp; North Collaborations (Internationalization)\",\"Issue-Economic Justice\",\"Noticias Internacional\"],\"inLanguage\":\"en-US\",\"copyrightYear\":\"2016\",\"copyrightHolder\":{\"@id\":\"https:\/\/develop.dejusticia.org\/#organization\"}},{\"@type\":\"WebPage\",\"@id\":\"https:\/\/develop.dejusticia.org\/en\/discussion-forum-the-future-of-social-rights\/\",\"url\":\"https:\/\/develop.dejusticia.org\/en\/discussion-forum-the-future-of-social-rights\/\",\"name\":\"Discussion forum: The Future of Social Rights - Dejusticia\",\"isPartOf\":{\"@id\":\"https:\/\/develop.dejusticia.org\/#website\"},\"primaryImageOfPage\":{\"@id\":\"https:\/\/develop.dejusticia.org\/en\/discussion-forum-the-future-of-social-rights\/#primaryimage\"},\"image\":{\"@id\":\"https:\/\/develop.dejusticia.org\/en\/discussion-forum-the-future-of-social-rights\/#primaryimage\"},\"thumbnailUrl\":\"https:\/\/develop.dejusticia.org\/wp-content\/uploads\/2017\/04\/foro_de_discusion_sobre_el_futuro_de_los_derechos_sociales.jpeg\",\"datePublished\":\"2016-10-24T05:00:00+00:00\",\"dateModified\":\"2017-04-11T15:04:01+00:00\",\"breadcrumb\":{\"@id\":\"https:\/\/develop.dejusticia.org\/en\/discussion-forum-the-future-of-social-rights\/#breadcrumb\"},\"inLanguage\":\"en-US\",\"potentialAction\":[{\"@type\":\"ReadAction\",\"target\":[\"https:\/\/develop.dejusticia.org\/en\/discussion-forum-the-future-of-social-rights\/\"]}]},{\"@type\":\"ImageObject\",\"inLanguage\":\"en-US\",\"@id\":\"https:\/\/develop.dejusticia.org\/en\/discussion-forum-the-future-of-social-rights\/#primaryimage\",\"url\":\"https:\/\/develop.dejusticia.org\/wp-content\/uploads\/2017\/04\/foro_de_discusion_sobre_el_futuro_de_los_derechos_sociales.jpeg\",\"contentUrl\":\"https:\/\/develop.dejusticia.org\/wp-content\/uploads\/2017\/04\/foro_de_discusion_sobre_el_futuro_de_los_derechos_sociales.jpeg\",\"width\":538,\"height\":309},{\"@type\":\"BreadcrumbList\",\"@id\":\"https:\/\/develop.dejusticia.org\/en\/discussion-forum-the-future-of-social-rights\/#breadcrumb\",\"itemListElement\":[{\"@type\":\"ListItem\",\"position\":1,\"name\":\"Home\",\"item\":\"https:\/\/develop.dejusticia.org\/en\/\"},{\"@type\":\"ListItem\",\"position\":2,\"name\":\"Discussion forum: The Future of Social Rights\"}]},{\"@type\":\"WebSite\",\"@id\":\"https:\/\/develop.dejusticia.org\/#website\",\"url\":\"https:\/\/develop.dejusticia.org\/\",\"name\":\"Dejusticia\",\"description\":\"Centro de Estudios de Derecho, Justicia y Sociedad\",\"publisher\":{\"@id\":\"https:\/\/develop.dejusticia.org\/#organization\"},\"potentialAction\":[{\"@type\":\"SearchAction\",\"target\":{\"@type\":\"EntryPoint\",\"urlTemplate\":\"https:\/\/develop.dejusticia.org\/?s={search_term_string}\"},\"query-input\":{\"@type\":\"PropertyValueSpecification\",\"valueRequired\":true,\"valueName\":\"search_term_string\"}}],\"inLanguage\":\"en-US\"},{\"@type\":\"Organization\",\"@id\":\"https:\/\/develop.dejusticia.org\/#organization\",\"name\":\"Dejusticia\",\"url\":\"https:\/\/develop.dejusticia.org\/\",\"logo\":{\"@type\":\"ImageObject\",\"inLanguage\":\"en-US\",\"@id\":\"https:\/\/develop.dejusticia.org\/#\/schema\/logo\/image\/\",\"url\":\"https:\/\/www.dejusticia.org\/wp-content\/uploads\/2020\/09\/logo-v1-dejusticia-MC.svg\",\"contentUrl\":\"https:\/\/www.dejusticia.org\/wp-content\/uploads\/2020\/09\/logo-v1-dejusticia-MC.svg\",\"width\":1,\"height\":1,\"caption\":\"Dejusticia\"},\"image\":{\"@id\":\"https:\/\/develop.dejusticia.org\/#\/schema\/logo\/image\/\"},\"sameAs\":[\"https:\/\/www.facebook.com\/Dejusticia\/\",\"https:\/\/x.com\/dejusticia\",\"https:\/\/www.youtube.com\/channel\/UCbwnwY8oIpHCug4R3KhjewQ\/feed\"]},{\"@type\":\"Person\",\"@id\":\"https:\/\/develop.dejusticia.org\/#\/schema\/person\/a29d463cf552994b52648600df449beb\",\"name\":\"Diana Guarnizo\",\"image\":{\"@type\":\"ImageObject\",\"inLanguage\":\"en-US\",\"@id\":\"https:\/\/develop.dejusticia.org\/#\/schema\/person\/image\/\",\"url\":\"https:\/\/secure.gravatar.com\/avatar\/9a1c1a27cac0087945c7a3d3666616b6f5045815e6374d98dda20568863c3322?s=96&d=mm&r=g\",\"contentUrl\":\"https:\/\/secure.gravatar.com\/avatar\/9a1c1a27cac0087945c7a3d3666616b6f5045815e6374d98dda20568863c3322?s=96&d=mm&r=g\",\"caption\":\"Diana Guarnizo\"},\"url\":\"https:\/\/develop.dejusticia.org\/en\/responsible\/diana-guarnizo\/\"}]}<\/script>\n<!-- \/ Yoast SEO Premium plugin. -->","yoast_head_json":{"title":"Discussion forum: The Future of Social Rights - Dejusticia","robots":{"index":"index","follow":"follow","max-snippet":"max-snippet:-1","max-image-preview":"max-image-preview:large","max-video-preview":"max-video-preview:-1"},"canonical":"https:\/\/develop.dejusticia.org\/en\/discussion-forum-the-future-of-social-rights\/","og_locale":"en_US","og_type":"article","og_title":"Discussion forum: The Future of Social Rights","og_description":"As part of our Intensive Course on Economic, Social and Cultural Rights: Latin America in a Global Context, we invite you to an event on October 25th on the future of socials rights. The event will be livestreamed.","og_url":"https:\/\/develop.dejusticia.org\/en\/discussion-forum-the-future-of-social-rights\/","og_site_name":"Dejusticia","article_publisher":"https:\/\/www.facebook.com\/Dejusticia\/","article_published_time":"2016-10-24T05:00:00+00:00","article_modified_time":"2017-04-11T15:04:01+00:00","og_image":[{"width":538,"height":309,"url":"https:\/\/develop.dejusticia.org\/wp-content\/uploads\/2017\/04\/foro_de_discusion_sobre_el_futuro_de_los_derechos_sociales.jpeg","type":"image\/jpeg"}],"author":"Diana Guarnizo","twitter_card":"summary_large_image","twitter_creator":"@dejusticia","twitter_site":"@dejusticia","twitter_misc":{"Written by":"Diana Guarnizo"},"schema":{"@context":"https:\/\/schema.org","@graph":[{"@type":["Article","NewsArticle"],"@id":"https:\/\/develop.dejusticia.org\/en\/discussion-forum-the-future-of-social-rights\/#article","isPartOf":{"@id":"https:\/\/develop.dejusticia.org\/en\/discussion-forum-the-future-of-social-rights\/"},"author":{"name":"Diana Guarnizo","@id":"https:\/\/develop.dejusticia.org\/#\/schema\/person\/a29d463cf552994b52648600df449beb"},"headline":"Discussion forum: The Future of Social Rights","datePublished":"2016-10-24T05:00:00+00:00","dateModified":"2017-04-11T15:04:01+00:00","mainEntityOfPage":{"@id":"https:\/\/develop.dejusticia.org\/en\/discussion-forum-the-future-of-social-rights\/"},"wordCount":104,"publisher":{"@id":"https:\/\/develop.dejusticia.org\/#organization"},"image":{"@id":"https:\/\/develop.dejusticia.org\/en\/discussion-forum-the-future-of-social-rights\/#primaryimage"},"thumbnailUrl":"https:\/\/develop.dejusticia.org\/wp-content\/uploads\/2017\/04\/foro_de_discusion_sobre_el_futuro_de_los_derechos_sociales.jpeg","keywords":["Derechos econ\u00f3micos","sociales-y-culturales-desc"],"articleSection":["Area-Global South &amp; North Collaborations (Internationalization)","Issue-Economic Justice","Noticias Internacional"],"inLanguage":"en-US","copyrightYear":"2016","copyrightHolder":{"@id":"https:\/\/develop.dejusticia.org\/#organization"}},{"@type":"WebPage","@id":"https:\/\/develop.dejusticia.org\/en\/discussion-forum-the-future-of-social-rights\/","url":"https:\/\/develop.dejusticia.org\/en\/discussion-forum-the-future-of-social-rights\/","name":"Discussion forum: The Future of Social Rights - Dejusticia","isPartOf":{"@id":"https:\/\/develop.dejusticia.org\/#website"},"primaryImageOfPage":{"@id":"https:\/\/develop.dejusticia.org\/en\/discussion-forum-the-future-of-social-rights\/#primaryimage"},"image":{"@id":"https:\/\/develop.dejusticia.org\/en\/discussion-forum-the-future-of-social-rights\/#primaryimage"},"thumbnailUrl":"https:\/\/develop.dejusticia.org\/wp-content\/uploads\/2017\/04\/foro_de_discusion_sobre_el_futuro_de_los_derechos_sociales.jpeg","datePublished":"2016-10-24T05:00:00+00:00","dateModified":"2017-04-11T15:04:01+00:00","breadcrumb":{"@id":"https:\/\/develop.dejusticia.org\/en\/discussion-forum-the-future-of-social-rights\/#breadcrumb"},"inLanguage":"en-US","potentialAction":[{"@type":"ReadAction","target":["https:\/\/develop.dejusticia.org\/en\/discussion-forum-the-future-of-social-rights\/"]}]},{"@type":"ImageObject","inLanguage":"en-US","@id":"https:\/\/develop.dejusticia.org\/en\/discussion-forum-the-future-of-social-rights\/#primaryimage","url":"https:\/\/develop.dejusticia.org\/wp-content\/uploads\/2017\/04\/foro_de_discusion_sobre_el_futuro_de_los_derechos_sociales.jpeg","contentUrl":"https:\/\/develop.dejusticia.org\/wp-content\/uploads\/2017\/04\/foro_de_discusion_sobre_el_futuro_de_los_derechos_sociales.jpeg","width":538,"height":309},{"@type":"BreadcrumbList","@id":"https:\/\/develop.dejusticia.org\/en\/discussion-forum-the-future-of-social-rights\/#breadcrumb","itemListElement":[{"@type":"ListItem","position":1,"name":"Home","item":"https:\/\/develop.dejusticia.org\/en\/"},{"@type":"ListItem","position":2,"name":"Discussion forum: The Future of Social Rights"}]},{"@type":"WebSite","@id":"https:\/\/develop.dejusticia.org\/#website","url":"https:\/\/develop.dejusticia.org\/","name":"Dejusticia","description":"Centro de Estudios de Derecho, Justicia y Sociedad","publisher":{"@id":"https:\/\/develop.dejusticia.org\/#organization"},"potentialAction":[{"@type":"SearchAction","target":{"@type":"EntryPoint","urlTemplate":"https:\/\/develop.dejusticia.org\/?s={search_term_string}"},"query-input":{"@type":"PropertyValueSpecification","valueRequired":true,"valueName":"search_term_string"}}],"inLanguage":"en-US"},{"@type":"Organization","@id":"https:\/\/develop.dejusticia.org\/#organization","name":"Dejusticia","url":"https:\/\/develop.dejusticia.org\/","logo":{"@type":"ImageObject","inLanguage":"en-US","@id":"https:\/\/develop.dejusticia.org\/#\/schema\/logo\/image\/","url":"https:\/\/www.dejusticia.org\/wp-content\/uploads\/2020\/09\/logo-v1-dejusticia-MC.svg","contentUrl":"https:\/\/www.dejusticia.org\/wp-content\/uploads\/2020\/09\/logo-v1-dejusticia-MC.svg","width":1,"height":1,"caption":"Dejusticia"},"image":{"@id":"https:\/\/develop.dejusticia.org\/#\/schema\/logo\/image\/"},"sameAs":["https:\/\/www.facebook.com\/Dejusticia\/","https:\/\/x.com\/dejusticia","https:\/\/www.youtube.com\/channel\/UCbwnwY8oIpHCug4R3KhjewQ\/feed"]},{"@type":"Person","@id":"https:\/\/develop.dejusticia.org\/#\/schema\/person\/a29d463cf552994b52648600df449beb","name":"Diana Guarnizo","image":{"@type":"ImageObject","inLanguage":"en-US","@id":"https:\/\/develop.dejusticia.org\/#\/schema\/person\/image\/","url":"https:\/\/secure.gravatar.com\/avatar\/9a1c1a27cac0087945c7a3d3666616b6f5045815e6374d98dda20568863c3322?s=96&d=mm&r=g","contentUrl":"https:\/\/secure.gravatar.com\/avatar\/9a1c1a27cac0087945c7a3d3666616b6f5045815e6374d98dda20568863c3322?s=96&d=mm&r=g","caption":"Diana Guarnizo"},"url":"https:\/\/develop.dejusticia.org\/en\/responsible\/diana-guarnizo\/"}]}},"views":428,"translations":[{"es":{"translation_id":"7752","language_code":"es","element_id":"21481","source_language_code":null,"element_type":"post_post","original":"1","post_title":"Foro de discusi\u00f3n sobre el futuro de los derechos sociales","post_status":"publish"},"en":{"translation_id":"7753","language_code":"en","element_id":"21482","source_language_code":"es","element_type":"post_post","original":"0","post_title":"Discussion forum: The Future of Social Rights","post_status":"publish"}}],"_links":{"self":[{"href":"https:\/\/develop.dejusticia.org\/en\/wp-json\/wp\/v2\/posts\/21482","targetHints":{"allow":["GET"]}}],"collection":[{"href":"https:\/\/develop.dejusticia.org\/en\/wp-json\/wp\/v2\/posts"}],"about":[{"href":"https:\/\/develop.dejusticia.org\/en\/wp-json\/wp\/v2\/types\/post"}],"author":[{"embeddable":true,"href":"https:\/\/develop.dejusticia.org\/en\/wp-json\/wp\/v2\/users\/91"}],"replies":[{"embeddable":true,"href":"https:\/\/develop.dejusticia.org\/en\/wp-json\/wp\/v2\/comments?post=21482"}],"version-history":[{"count":0,"href":"https:\/\/develop.dejusticia.org\/en\/wp-json\/wp\/v2\/posts\/21482\/revisions"}],"wp:featuredmedia":[{"embeddable":true,"href":"https:\/\/develop.dejusticia.org\/en\/wp-json\/wp\/v2\/media\/36341"}],"wp:attachment":[{"href":"https:\/\/develop.dejusticia.org\/en\/wp-json\/wp\/v2\/media?parent=21482"}],"wp:term":[{"taxonomy":"category","embeddable":true,"href":"https:\/\/develop.dejusticia.org\/en\/wp-json\/wp\/v2\/categories?post=21482"},{"taxonomy":"post_tag","embeddable":true,"href":"https:\/\/develop.dejusticia.org\/en\/wp-json\/wp\/v2\/tags?post=21482"}],"curies":[{"name":"wp","href":"https:\/\/api.w.org\/{rel}","templated":true}]}}