{"id":25298,"date":"2003-10-22T00:00:00","date_gmt":"2003-10-22T05:00:00","guid":{"rendered":"https:\/\/www.dejusticia.org\/the-vat-gst-and-the-constitutional-court\/"},"modified":"2017-04-11T07:17:23","modified_gmt":"2017-04-11T12:17:23","slug":"the-vat-gst-and-the-constitutional-court","status":"publish","type":"post","link":"https:\/\/develop.dejusticia.org\/en\/the-vat-gst-and-the-constitutional-court\/","title":{"rendered":"The VAT (GST) and the Constitutional Court"},"content":{"rendered":"<p>En un pa\u00eds de malos lectores, es muy probable que nadie se lea las 140 p\u00e1ginas del fallo de la Corte Constitucional que tumb\u00f3 el cobro del IVA sobre los productos b\u00e1sicos de la canasta familiar, desde la papa, la carne, el pan y la leche hasta los medicamentos y el transporte p\u00fablico. Los primeros que dejar\u00e1n de leerla ser\u00e1n los propios cr\u00edticos de la Corte, que, siguiendo el mal ejemplo del Director de la Dian, habr\u00e1n sacado apresuradamente sus conclusiones e incluir\u00e1n esta decisi\u00f3n en su lista favorita de fallos-fallas de la Corte. Ya se ve venir desde lo m\u00e1s alto del establecimiento econ\u00f3mico la trillada cr\u00edtica a la Corte por creerse un Robin Hood criollo, por inmiscuirse en cuestiones econ\u00f3micas que corresponden s\u00f3lo a los expertos, por ahondar el hueco fiscal y por poner en peligro las ?reglas de juego? que hacen que el mercado funcione como un relojito.<\/p>\n<p>Pero una mirada r\u00e1pida a la sentencia muestra que quienes se pasan por la faja las reglas del juego son el equipo econ\u00f3mico del gobierno y el Congreso, no la Corte. Vale la pena leer el fallo. No por la prosa redundante de la Corte, que para curarse en salud tiene que repetir una y otra vez a lo largo de interminables p\u00e1ginas los mismos argumentos certeros que habr\u00edan cabido en unas pocas. Pero el lector paciente que haga el sacrificio literario se encontrar\u00e1 no s\u00f3lo con las razones contundentes de la Corte sino con una entretenida historia sobre las chambonadas del equipo econ\u00f3mico del gobierno que muestra qui\u00e9nes son los que desconocen las reglas del juego y c\u00f3mo se les iba a pasar a los pobres la cuenta de cobro de la pol\u00edtica de seguridad democr\u00e1tica.<\/p>\n<p>Fueron tres las razones de la Corte para tumbar el IVA del 2% que el gobierno quer\u00eda cobrar sobre la canasta familiar b\u00e1sica a partir de 2005. En primer lugar, faltando s\u00f3lo un d\u00eda para la terminaci\u00f3n del per\u00edodo legislativo y en medio del zafarrancho de fin de a\u00f1o en el Congreso, el entonces Ministro Junguito decidi\u00f3 pedirle a los miembros de la C\u00e1mara de Representantes ?meditar? la ampliaci\u00f3n de la base del IVA a la canasta familiar. Semejante improvisaci\u00f3n, seg\u00fan el ex-Ministro, hab\u00eda sido a su vez ?meditada? con el equipo econ\u00f3mico y el Presidente. El problema, como lo dice en otras palabras la Corte, es que las condiciones del \u00faltimo d\u00eda de sesiones del Congreso no son precisamente las ideales para la meditaci\u00f3n, ni para la deliberaci\u00f3n democr\u00e1tica. Como lo saben bien los economistas del gobierno, la deliberaci\u00f3n democr\u00e1tica en materia de impuestos es la regla de juego m\u00e1s antigua de las democracias liberales ?\u00bfse acuerdan del principio seg\u00fan el cual ?no hay tributaci\u00f3n sin representaci\u00f3n??. Cualquier lector desprevenido del fallo se hace la siguiente pregunta, que la Corte no plantea: \u00bfpor qu\u00e9, a pesar de haber presentado el proyecto de reforma tributaria al Congreso tres meses atr\u00e1s y no haber incluido en \u00e9l el IVA para la canasta familiar, el gobierno esper\u00f3 hasta el \u00faltimo momento para introducir un cambio que acababa con un principio fundamental del sistema tributario existente desde la creaci\u00f3n del IVA en 1963?  <\/p>\n<p>La segunda regla de juego violada por la extensi\u00f3n del impuesto es tal vez menos familiar para los miembros del equipo econ\u00f3mico. Se trata del principio de equidad y progresividad en la tributaci\u00f3n, establecido en el art\u00edculo 363 de la Constituci\u00f3n. El principio de progresividad no significa, como parece pensar el gobierno, extender poco a poco (?progresivamente?) el IVA hasta que cubra todos los bienes y servicios, incluyendo los pocos que los pobres pueden comprar. Significa, en cambio, que los ricos deben pagar m\u00e1s impuestos que los pobres. La Corte reitera lo obvio cuando dice que no es equitativo ni progresivo un sistema tributario que, en lugar de concentrarse en controlar la evasi\u00f3n y eliminar las amnist\u00edas y las exenciones para los ricos, se dedica a gravar la papa, la panela y el bus.<\/p>\n<p>Lo que s\u00ed es novedoso en el fallo de la Corte es la conexi\u00f3n convincente que hace entre los ingresos y los gastos del Estado. La situaci\u00f3n podr\u00eda haber sido distinta si los 800.000 millones que el gobierno buscaba recaudar con el IVA adicional fueran a ser invertidos en aliviar la miseria de los 23 millones de colombianos pobres (o al menos de los 11 millones de indigentes entre ellos). Pero el gobierno ten\u00eda planes muy distintos para la plata recaudada. Seg\u00fan el ex-Ministro de Hacienda y la Ministra de Defensa, en lugar de por lo menos amortiguar la ca\u00edda en picada del gasto social, la plata iba a financiar el gasto p\u00fablico en seguridad y defensa. Cuando cre\u00edamos que los pobres ya estaban poniendo en muertos su cuota de sacrificio para la guerra, resulta ahora que tambi\u00e9n la deber\u00edan financiar.<\/p>\n<p>La \u00faltima regla de juego violada por el IVA del 2% es la protecci\u00f3n de lo que la Corte llama el ?m\u00ednimo vital?, es decir, las condiciones materiales m\u00ednimas para vivir con dignidad. Para el 60% de la poblaci\u00f3n colombiana que sobrevive con menos de $5.600 pesos al d\u00eda y gasta casi todo su ingreso en comida, vivienda y transporte, el nuevo impuesto ?que seguramente luego ser\u00eda aumentado gradualmente?significar\u00eda comer a\u00fan menos o resignarse a andar a pie. Y ni hablar de acceder a otros productos de la canasta a los que se les iba a extender el IVA, como la carne, el pescado o los cuadernos escolares. De pronto en esto el gobierno tiene raz\u00f3n. Como de hecho la plata de los pobres hace rato no alcanza para comer carne o comprar cuadernos, ya se puede decretar que salieron de la canasta familiar y que, como art\u00edculos de lujo, deben ser gravados con el IVA.<\/p>\n<p>El IVA del 2% se cay\u00f3 porque desconoc\u00eda las reglas elementales del juego pol\u00edtico y econ\u00f3mico establecidas en la Constituci\u00f3n. Si es cierto, como dicen los miembros del establecimiento econ\u00f3mico, que la inseguridad jur\u00eddica perjudica la econom\u00eda, entonces deben ser ellos los primeros en cumplir con las reglas del juego. Culpar a la Corte por proteger esas reglas es inexacto e injusto. Es que, en el fondo, el problema de muchos cr\u00edticos de la Corte no es con la Corte misma, sino con las reglas de juego que tenemos, con la Constituci\u00f3n. Por eso est\u00e1n tratando de desmantelarla poco a poco.           <\/p>\n","protected":false},"excerpt":{"rendered":"<p>C\u00e9sar Rodr\u00edguez defends the decision by the Colombian Constitutional Court to leave the tax reform that extends the VAT (GST) to the family basket alone.<\/p>\n","protected":false},"author":7,"featured_media":0,"comment_status":"closed","ping_status":"closed","sticky":false,"template":"","format":"standard","meta":{"_acf_changed":false,"footnotes":""},"categories":[1022],"tags":[],"class_list":["post-25298","post","type-post","status-publish","format-standard","hentry","category-uncategorized","medium-actualidad-colombiana-en","post-scope-aaa-not-blog"],"acf":[],"yoast_head":"<!-- This site is optimized with the Yoast SEO Premium plugin v25.9 (Yoast SEO v25.9) - https:\/\/yoast.com\/wordpress\/plugins\/seo\/ -->\n<title>The VAT (GST) and the Constitutional Court - Dejusticia<\/title>\n<meta name=\"robots\" content=\"index, follow, max-snippet:-1, max-image-preview:large, max-video-preview:-1\" \/>\n<link rel=\"canonical\" href=\"https:\/\/www.dejusticia.org\/en\/the-vat-gst-and-the-constitutional-court\/\" \/>\n<meta property=\"og:locale\" content=\"en_US\" \/>\n<meta property=\"og:type\" content=\"article\" \/>\n<meta property=\"og:title\" content=\"The VAT (GST) and the Constitutional Court\" \/>\n<meta property=\"og:description\" content=\"C\u00e9sar Rodr\u00edguez defends the decision by the Colombian Constitutional Court to leave the tax reform that extends the VAT (GST) to the family basket alone.\" \/>\n<meta property=\"og:url\" content=\"https:\/\/www.dejusticia.org\/en\/the-vat-gst-and-the-constitutional-court\/\" \/>\n<meta property=\"og:site_name\" content=\"Dejusticia\" \/>\n<meta property=\"article:publisher\" content=\"https:\/\/www.facebook.com\/Dejusticia\/\" \/>\n<meta property=\"article:published_time\" content=\"2003-10-22T05:00:00+00:00\" \/>\n<meta property=\"article:modified_time\" content=\"2017-04-11T12:17:23+00:00\" \/>\n<meta name=\"author\" content=\"C\u00e9sar Rodr\u00edguez Garavito\" \/>\n<meta name=\"twitter:card\" content=\"summary_large_image\" \/>\n<meta name=\"twitter:creator\" content=\"@dejusticia\" \/>\n<meta name=\"twitter:site\" content=\"@dejusticia\" \/>\n<meta name=\"twitter:label1\" content=\"Written by\" \/>\n\t<meta name=\"twitter:data1\" content=\"C\u00e9sar Rodr\u00edguez Garavito\" \/>\n\t<meta name=\"twitter:label2\" content=\"Est. reading time\" \/>\n\t<meta name=\"twitter:data2\" content=\"6 minutes\" \/>\n<script type=\"application\/ld+json\" class=\"yoast-schema-graph\">{\"@context\":\"https:\/\/schema.org\",\"@graph\":[{\"@type\":\"NewsArticle\",\"@id\":\"https:\/\/www.dejusticia.org\/en\/the-vat-gst-and-the-constitutional-court\/#article\",\"isPartOf\":{\"@id\":\"https:\/\/www.dejusticia.org\/en\/the-vat-gst-and-the-constitutional-court\/\"},\"author\":{\"name\":\"C\u00e9sar Rodr\u00edguez Garavito\",\"@id\":\"https:\/\/www.dejusticia.org\/#\/schema\/person\/e11b9e1e64bff54675fcc20f712051d0\"},\"headline\":\"The VAT (GST) and the Constitutional Court\",\"datePublished\":\"2003-10-22T05:00:00+00:00\",\"dateModified\":\"2017-04-11T12:17:23+00:00\",\"mainEntityOfPage\":{\"@id\":\"https:\/\/www.dejusticia.org\/en\/the-vat-gst-and-the-constitutional-court\/\"},\"wordCount\":1144,\"publisher\":{\"@id\":\"https:\/\/www.dejusticia.org\/#organization\"},\"inLanguage\":\"en\",\"copyrightYear\":\"2003\",\"copyrightHolder\":{\"@id\":\"https:\/\/develop.dejusticia.org\/#organization\"}},{\"@type\":\"WebPage\",\"@id\":\"https:\/\/www.dejusticia.org\/en\/the-vat-gst-and-the-constitutional-court\/\",\"url\":\"https:\/\/www.dejusticia.org\/en\/the-vat-gst-and-the-constitutional-court\/\",\"name\":\"The VAT (GST) and the Constitutional Court - Dejusticia\",\"isPartOf\":{\"@id\":\"https:\/\/www.dejusticia.org\/#website\"},\"datePublished\":\"2003-10-22T05:00:00+00:00\",\"dateModified\":\"2017-04-11T12:17:23+00:00\",\"breadcrumb\":{\"@id\":\"https:\/\/www.dejusticia.org\/en\/the-vat-gst-and-the-constitutional-court\/#breadcrumb\"},\"inLanguage\":\"en\",\"potentialAction\":[{\"@type\":\"ReadAction\",\"target\":[\"https:\/\/www.dejusticia.org\/en\/the-vat-gst-and-the-constitutional-court\/\"]}]},{\"@type\":\"BreadcrumbList\",\"@id\":\"https:\/\/www.dejusticia.org\/en\/the-vat-gst-and-the-constitutional-court\/#breadcrumb\",\"itemListElement\":[{\"@type\":\"ListItem\",\"position\":1,\"name\":\"Home\",\"item\":\"https:\/\/www.dejusticia.org\/en\/\"},{\"@type\":\"ListItem\",\"position\":2,\"name\":\"The VAT (GST) and the Constitutional Court\"}]},{\"@type\":\"WebSite\",\"@id\":\"https:\/\/www.dejusticia.org\/#website\",\"url\":\"https:\/\/www.dejusticia.org\/\",\"name\":\"Dejusticia\",\"description\":\"Centro de Estudios de Derecho, Justicia y Sociedad\",\"publisher\":{\"@id\":\"https:\/\/www.dejusticia.org\/#organization\"},\"potentialAction\":[{\"@type\":\"SearchAction\",\"target\":{\"@type\":\"EntryPoint\",\"urlTemplate\":\"https:\/\/www.dejusticia.org\/?s={search_term_string}\"},\"query-input\":{\"@type\":\"PropertyValueSpecification\",\"valueRequired\":true,\"valueName\":\"search_term_string\"}}],\"inLanguage\":\"en\"},{\"@type\":[\"NGO\",\"ResearchOrganization\"],\"@id\":\"https:\/\/www.dejusticia.org\/#organization\",\"name\":\"Dejusticia\",\"url\":\"https:\/\/www.dejusticia.org\/\",\"logo\":{\"@type\":\"ImageObject\",\"inLanguage\":\"en\",\"@id\":\"https:\/\/www.dejusticia.org\/#\/schema\/logo\/image\/\",\"url\":\"https:\/\/develop.dejusticia.org\/wp-content\/uploads\/2020\/09\/logo-v1-dejusticia-MC.svg\",\"contentUrl\":\"https:\/\/develop.dejusticia.org\/wp-content\/uploads\/2020\/09\/logo-v1-dejusticia-MC.svg\",\"width\":1,\"height\":1,\"caption\":\"Dejusticia\"},\"image\":{\"@id\":\"https:\/\/www.dejusticia.org\/#\/schema\/logo\/image\/\"},\"sameAs\":[\"https:\/\/www.facebook.com\/Dejusticia\/\",\"https:\/\/x.com\/dejusticia\",\"https:\/\/www.youtube.com\/channel\/UCbwnwY8oIpHCug4R3KhjewQ\/feed\"],\"knowsAbout\":[\"Anti-Discrimination\",\"Rule of Law\",\"Environmental Justice\",\"Economic Justice\",\"Transitional Justice\",\"Drug Policy\",\"Judicial System\"]},{\"@type\":\"Person\",\"@id\":\"https:\/\/www.dejusticia.org\/#\/schema\/person\/e11b9e1e64bff54675fcc20f712051d0\",\"name\":\"C\u00e9sar Rodr\u00edguez Garavito\",\"image\":{\"@type\":\"ImageObject\",\"inLanguage\":\"en\",\"@id\":\"https:\/\/www.dejusticia.org\/#\/schema\/person\/image\/\",\"url\":\"https:\/\/secure.gravatar.com\/avatar\/41eece5c39fc8a04bc57582d5e05770a7f473dd4a75ed820b710ed5fc3893da0?s=96&d=mm&r=g\",\"contentUrl\":\"https:\/\/secure.gravatar.com\/avatar\/41eece5c39fc8a04bc57582d5e05770a7f473dd4a75ed820b710ed5fc3893da0?s=96&d=mm&r=g\",\"caption\":\"C\u00e9sar Rodr\u00edguez Garavito\"},\"url\":\"https:\/\/develop.dejusticia.org\/en\/responsible\/cesar-rodriguez-garavito\/\"}]}<\/script>\n<!-- \/ Yoast SEO Premium plugin. -->","yoast_head_json":{"title":"The VAT (GST) and the Constitutional Court - Dejusticia","robots":{"index":"index","follow":"follow","max-snippet":"max-snippet:-1","max-image-preview":"max-image-preview:large","max-video-preview":"max-video-preview:-1"},"canonical":"https:\/\/www.dejusticia.org\/en\/the-vat-gst-and-the-constitutional-court\/","og_locale":"en_US","og_type":"article","og_title":"The VAT (GST) and the Constitutional Court","og_description":"C\u00e9sar Rodr\u00edguez defends the decision by the Colombian Constitutional Court to leave the tax reform that extends the VAT (GST) to the family basket alone.","og_url":"https:\/\/www.dejusticia.org\/en\/the-vat-gst-and-the-constitutional-court\/","og_site_name":"Dejusticia","article_publisher":"https:\/\/www.facebook.com\/Dejusticia\/","article_published_time":"2003-10-22T05:00:00+00:00","article_modified_time":"2017-04-11T12:17:23+00:00","author":"C\u00e9sar Rodr\u00edguez Garavito","twitter_card":"summary_large_image","twitter_creator":"@dejusticia","twitter_site":"@dejusticia","twitter_misc":{"Written by":"C\u00e9sar Rodr\u00edguez Garavito","Est. reading time":"6 minutes"},"schema":{"@context":"https:\/\/schema.org","@graph":[{"@type":"NewsArticle","@id":"https:\/\/www.dejusticia.org\/en\/the-vat-gst-and-the-constitutional-court\/#article","isPartOf":{"@id":"https:\/\/www.dejusticia.org\/en\/the-vat-gst-and-the-constitutional-court\/"},"author":{"name":"C\u00e9sar Rodr\u00edguez Garavito","@id":"https:\/\/www.dejusticia.org\/#\/schema\/person\/e11b9e1e64bff54675fcc20f712051d0"},"headline":"The VAT (GST) and the Constitutional Court","datePublished":"2003-10-22T05:00:00+00:00","dateModified":"2017-04-11T12:17:23+00:00","mainEntityOfPage":{"@id":"https:\/\/www.dejusticia.org\/en\/the-vat-gst-and-the-constitutional-court\/"},"wordCount":1144,"publisher":{"@id":"https:\/\/www.dejusticia.org\/#organization"},"inLanguage":"en","copyrightYear":"2003","copyrightHolder":{"@id":"https:\/\/develop.dejusticia.org\/#organization"}},{"@type":"WebPage","@id":"https:\/\/www.dejusticia.org\/en\/the-vat-gst-and-the-constitutional-court\/","url":"https:\/\/www.dejusticia.org\/en\/the-vat-gst-and-the-constitutional-court\/","name":"The VAT (GST) and the Constitutional Court - Dejusticia","isPartOf":{"@id":"https:\/\/www.dejusticia.org\/#website"},"datePublished":"2003-10-22T05:00:00+00:00","dateModified":"2017-04-11T12:17:23+00:00","breadcrumb":{"@id":"https:\/\/www.dejusticia.org\/en\/the-vat-gst-and-the-constitutional-court\/#breadcrumb"},"inLanguage":"en","potentialAction":[{"@type":"ReadAction","target":["https:\/\/www.dejusticia.org\/en\/the-vat-gst-and-the-constitutional-court\/"]}]},{"@type":"BreadcrumbList","@id":"https:\/\/www.dejusticia.org\/en\/the-vat-gst-and-the-constitutional-court\/#breadcrumb","itemListElement":[{"@type":"ListItem","position":1,"name":"Home","item":"https:\/\/www.dejusticia.org\/en\/"},{"@type":"ListItem","position":2,"name":"The VAT (GST) and the Constitutional Court"}]},{"@type":"WebSite","@id":"https:\/\/www.dejusticia.org\/#website","url":"https:\/\/www.dejusticia.org\/","name":"Dejusticia","description":"Centro de Estudios de Derecho, Justicia y Sociedad","publisher":{"@id":"https:\/\/www.dejusticia.org\/#organization"},"potentialAction":[{"@type":"SearchAction","target":{"@type":"EntryPoint","urlTemplate":"https:\/\/www.dejusticia.org\/?s={search_term_string}"},"query-input":{"@type":"PropertyValueSpecification","valueRequired":true,"valueName":"search_term_string"}}],"inLanguage":"en"},{"@type":["NGO","ResearchOrganization"],"@id":"https:\/\/www.dejusticia.org\/#organization","name":"Dejusticia","url":"https:\/\/www.dejusticia.org\/","logo":{"@type":"ImageObject","inLanguage":"en","@id":"https:\/\/www.dejusticia.org\/#\/schema\/logo\/image\/","url":"https:\/\/develop.dejusticia.org\/wp-content\/uploads\/2020\/09\/logo-v1-dejusticia-MC.svg","contentUrl":"https:\/\/develop.dejusticia.org\/wp-content\/uploads\/2020\/09\/logo-v1-dejusticia-MC.svg","width":1,"height":1,"caption":"Dejusticia"},"image":{"@id":"https:\/\/www.dejusticia.org\/#\/schema\/logo\/image\/"},"sameAs":["https:\/\/www.facebook.com\/Dejusticia\/","https:\/\/x.com\/dejusticia","https:\/\/www.youtube.com\/channel\/UCbwnwY8oIpHCug4R3KhjewQ\/feed"],"knowsAbout":["Anti-Discrimination","Rule of Law","Environmental Justice","Economic Justice","Transitional Justice","Drug Policy","Judicial System"]},{"@type":"Person","@id":"https:\/\/www.dejusticia.org\/#\/schema\/person\/e11b9e1e64bff54675fcc20f712051d0","name":"C\u00e9sar Rodr\u00edguez Garavito","image":{"@type":"ImageObject","inLanguage":"en","@id":"https:\/\/www.dejusticia.org\/#\/schema\/person\/image\/","url":"https:\/\/secure.gravatar.com\/avatar\/41eece5c39fc8a04bc57582d5e05770a7f473dd4a75ed820b710ed5fc3893da0?s=96&d=mm&r=g","contentUrl":"https:\/\/secure.gravatar.com\/avatar\/41eece5c39fc8a04bc57582d5e05770a7f473dd4a75ed820b710ed5fc3893da0?s=96&d=mm&r=g","caption":"C\u00e9sar Rodr\u00edguez Garavito"},"url":"https:\/\/develop.dejusticia.org\/en\/responsible\/cesar-rodriguez-garavito\/"}]}},"views":239,"translations":[{"en":{"translation_id":"8865","language_code":"en","element_id":"25298","source_language_code":"es","element_type":"post_post","original":"0","post_title":"The VAT (GST) and the Constitutional Court","post_status":"publish"},"es":{"translation_id":"8864","language_code":"es","element_id":"25297","source_language_code":null,"element_type":"post_post","original":"1","post_title":"El IVA y la Corte Constitucional","post_status":"publish"}}],"_links":{"self":[{"href":"https:\/\/develop.dejusticia.org\/en\/wp-json\/wp\/v2\/posts\/25298","targetHints":{"allow":["GET"]}}],"collection":[{"href":"https:\/\/develop.dejusticia.org\/en\/wp-json\/wp\/v2\/posts"}],"about":[{"href":"https:\/\/develop.dejusticia.org\/en\/wp-json\/wp\/v2\/types\/post"}],"author":[{"embeddable":true,"href":"https:\/\/develop.dejusticia.org\/en\/wp-json\/wp\/v2\/users\/7"}],"replies":[{"embeddable":true,"href":"https:\/\/develop.dejusticia.org\/en\/wp-json\/wp\/v2\/comments?post=25298"}],"version-history":[{"count":0,"href":"https:\/\/develop.dejusticia.org\/en\/wp-json\/wp\/v2\/posts\/25298\/revisions"}],"wp:attachment":[{"href":"https:\/\/develop.dejusticia.org\/en\/wp-json\/wp\/v2\/media?parent=25298"}],"wp:term":[{"taxonomy":"category","embeddable":true,"href":"https:\/\/develop.dejusticia.org\/en\/wp-json\/wp\/v2\/categories?post=25298"},{"taxonomy":"post_tag","embeddable":true,"href":"https:\/\/develop.dejusticia.org\/en\/wp-json\/wp\/v2\/tags?post=25298"}],"curies":[{"name":"wp","href":"https:\/\/api.w.org\/{rel}","templated":true}]}}