{"id":25336,"date":"2005-03-31T00:00:00","date_gmt":"2005-03-31T05:00:00","guid":{"rendered":"https:\/\/www.dejusticia.org\/contradictions-made-by-president-uribe\/"},"modified":"2017-04-11T07:17:50","modified_gmt":"2017-04-11T12:17:50","slug":"contradictions-made-by-president-uribe","status":"publish","type":"post","link":"https:\/\/develop.dejusticia.org\/en\/contradictions-made-by-president-uribe\/","title":{"rendered":"Contradictions made by President Uribe"},"content":{"rendered":"<p>En la guerra los disidentes son enemigos y basta con que alguien sea identificado como tal para que se acepte su denuncia, su castigo y hasta su eliminaci\u00f3n. En la paz, en cambio, cuando el Estado de derecho funciona, los disidentes son ciudadanos con todos sus derechos, y el eventual castigo de sus acciones -cuando han cometido una conducta il\u00edcita distinta a la simple disidencia- s\u00f3lo puede ser el fruto de una decisi\u00f3n judicial. El gobierno niega la existencia del conflicto armado en Colombia, pero se comporta en contrav\u00eda de lo que afirma al tratar a los disidentes como enemigos en un conflicto que seg\u00fan \u00e9l no existe. El ejemplo m\u00e1s reciente de esta actitud es el comentario p\u00fablico, hecho hace algunos d\u00edas por el presidente Uribe, seg\u00fan el cual algunos l\u00edderes de la comunidad de paz de San Jos\u00e9 de Apartad\u00f3 son auxiliadores de la guerrilla. <\/p>\n<p>El comentario del Presidente debilita la instituci\u00f3n judicial, pone en peligro a los dem\u00e1s miembros de la comunidad y, como si esto fuera poco, no le hace ning\u00fan bien a la imagen de imparcialidad del Ej\u00e9rcito en estos hechos. \u00bfInconsistencia del Presidente? \u00bfError pol\u00edtico? No parece. Cuando predomina la l\u00f3gica de la guerra, como es el caso hoy en d\u00eda, las acusaciones anticipadas contra los disidentes, incluso en casos tan dram\u00e1ticos como los de San Jos\u00e9 de Apartad\u00f3, no s\u00f3lo son aceptadas como normales sino reconocidas como la versi\u00f3n final y justa de los hechos. <\/p>\n<p>M\u00e1s a\u00fan, si la versi\u00f3n del Ej\u00e9rcito, seg\u00fan la cual fueron las Farc las que cometieron los cr\u00edmenes con el objeto de mantener el control de la comunidad, resultare cierta, ello no convertir\u00eda a la comunidad de San Jos\u00e9 en un enemigo del Estado sino en una v\u00edctima m\u00e1s del conflicto armado; peor a\u00fan si est\u00e1n en manos de la guerrilla. \u00bfO vamos acaso a considerar que los ni\u00f1os recientemente asesinados en San Jos\u00e9 de Apartad\u00f3 hac\u00edan tambi\u00e9n parte del conflicto? Aqu\u00ed lo que est\u00e1 en juego no es la valoraci\u00f3n que hagamos de las comunidades de paz &#8211; valoraci\u00f3n que yo, por lo dem\u00e1s, no tengo clara &#8211; sino el principio liberal del respeto por los dem\u00e1s y en particular por los m\u00e1s vulnerables de la sociedad. <\/p>\n<p>En las zonas de conflicto armado el Estado tiene, o bien una ef\u00edmera e inquietante presencia miliar, o bien solo est\u00e1 presente nominalmente, lo cual significa que son los paramilitares o la guerrilla, o ambos, los que imponen su ley de sangre y fuego. Los habitantes de estos territorios no viven en eso que llamamos una sociedad, si no en aquello que los contractualistas denominaban &#8220;estado de naturaleza&#8221;, es decir, en medio del desamparo. Sin embargo, el gobierno pretende que en tales zonas no hay conflicto sino actos terroristas y espera que sus habitantes se comporten como ciudadanos comunes y corrientes que reconocen en el Ej\u00e9rcito y el Estado a sus instituciones leg\u00edtimas. Esta falta de protecci\u00f3n, por un lado, y la mentira de un Estado que no protege a nadie, por el otro, han alimentado el rencor que las comunidades de paz tienen contra las instituciones y su voluntad de hacer rancho aparte. <\/p>\n<p>El desconocimiento que el gobierno hace del conflicto armado no s\u00f3lo tiene la consecuencia ret\u00f3rica de quitarle legitimidad al movimiento guerrillero -con lo cual uno estar\u00eda de acuerdo- sino tambi\u00e9n la consecuencia f\u00e1ctica de desamparar a las comunidades ubicadas en los territorios en disputa. Y ello como resultado de la suposici\u00f3n gubernamental de que tales comunidades viven bajo la protecci\u00f3n del Estado y de que la violencia que all\u00ed se produce es fruto de la delincuencia o del terrorismo, y por lo tanto debe ser reprimida por la fuerza p\u00fablica de la misma manera como lo ser\u00eda en Bogot\u00e1 o en Cali. Todo esto justifica, a los ojos del gobierno, un tratamiento simplemente militar del problema. <\/p>\n<p>Pero todos sabemos que la incorporaci\u00f3n de estas poblaciones y esos territorios al orden civil y constitucional -prop\u00f3sito con el cual tambi\u00e9n estar\u00eda de acuerdo- no se logra simplemente con el env\u00edo de tropas. Ninguna sociedad se construye de manera perdurable con el sometimiento f\u00edsico de los pobladores, menos a\u00fan en zonas como la de San Jos\u00e9 de Apartad\u00f3, donde existe toda una tradici\u00f3n de desprecio por un Estado demasiado acostumbrado a operar a trav\u00e9s de un ej\u00e9rcito intimidador o de instituciones pol\u00edticas de pacotilla. <\/p>\n<p>Por eso, si el gobierno quiere incorporar e institucionalizar a las poblaciones ubicadas en las zonas de conflicto, deber\u00eda comenzar por respetar a sus habitantes. Por comprender que est\u00e1n en la peor de las situaciones &#8216;sociales&#8217; posibles y que por eso deben ser protegidos de manera permanente contra toda forma de agresi\u00f3n o sometimiento. Debe empezar por manifestar su rechazo contra los asesinatos de sus miembros y adelantar investigaciones serias e imparciales antes de apresurarse a absolver a unos y condenar a otros. En otras palabras, si el gobierno pretende que es el Estado de derecho -y no el conflicto armado- el que impera en San Jos\u00e9 de Apartad\u00f3, debe ser algo m\u00e1s que un ej\u00e9rcito itinerante y que s\u00f3lo ve enemigos de guerra entre los pobladores.<\/p>\n","protected":false},"excerpt":{"rendered":"<p>Mauricio Garc\u00eda Villegas, investigator with Dejusticia demonstrates the contradictions that President Uribe has made by denying that there is an armed conflict and at the same time treating dissidents as enemies.<\/p>\n","protected":false},"author":18,"featured_media":0,"comment_status":"closed","ping_status":"closed","sticky":false,"template":"","format":"standard","meta":{"_acf_changed":false,"footnotes":""},"categories":[1022],"tags":[],"class_list":["post-25336","post","type-post","status-publish","format-standard","hentry","category-uncategorized","subcategory-public-policies","medium-semana-en","post-scope-aaa-not-blog"],"acf":[],"yoast_head":"<!-- This site is optimized with the Yoast SEO Premium plugin v25.9 (Yoast SEO v25.9) - https:\/\/yoast.com\/wordpress\/plugins\/seo\/ -->\n<title>Contradictions made by President Uribe - Dejusticia<\/title>\n<meta name=\"robots\" content=\"index, follow, max-snippet:-1, max-image-preview:large, max-video-preview:-1\" \/>\n<link rel=\"canonical\" href=\"https:\/\/www.dejusticia.org\/sobre-san-jose-de-apartado\/\" \/>\n<meta property=\"og:locale\" content=\"en_US\" \/>\n<meta property=\"og:type\" content=\"article\" \/>\n<meta property=\"og:title\" content=\"Contradictions made by President Uribe\" \/>\n<meta property=\"og:description\" content=\"Mauricio Garc\u00eda Villegas, investigator with Dejusticia demonstrates the contradictions that President Uribe has made by denying that there is an armed conflict and at the same time treating dissidents as enemies.\" \/>\n<meta property=\"og:url\" content=\"https:\/\/www.dejusticia.org\/sobre-san-jose-de-apartado\/\" \/>\n<meta property=\"og:site_name\" content=\"Dejusticia\" \/>\n<meta property=\"article:publisher\" content=\"https:\/\/www.facebook.com\/Dejusticia\/\" \/>\n<meta property=\"article:published_time\" content=\"2005-03-31T05:00:00+00:00\" \/>\n<meta property=\"article:modified_time\" content=\"2017-04-11T12:17:50+00:00\" \/>\n<meta name=\"author\" content=\"Mauricio Garc\u00eda Villegas\" \/>\n<meta name=\"twitter:card\" content=\"summary_large_image\" \/>\n<meta name=\"twitter:creator\" content=\"@dejusticia\" \/>\n<meta name=\"twitter:site\" content=\"@dejusticia\" \/>\n<meta name=\"twitter:label1\" content=\"Written by\" \/>\n\t<meta name=\"twitter:data1\" content=\"Mauricio Garc\u00eda Villegas\" \/>\n\t<meta name=\"twitter:label2\" content=\"Est. reading time\" \/>\n\t<meta name=\"twitter:data2\" content=\"5 minutes\" \/>\n<script type=\"application\/ld+json\" class=\"yoast-schema-graph\">{\"@context\":\"https:\/\/schema.org\",\"@graph\":[{\"@type\":\"NewsArticle\",\"@id\":\"https:\/\/www.dejusticia.org\/sobre-san-jose-de-apartado\/#article\",\"isPartOf\":{\"@id\":\"https:\/\/www.dejusticia.org\/sobre-san-jose-de-apartado\/\"},\"author\":{\"name\":\"Mauricio Garc\u00eda Villegas\",\"@id\":\"https:\/\/www.dejusticia.org\/#\/schema\/person\/d5933ad4c269c4b6c2acbf717ceeb0d6\"},\"headline\":\"Contradictions made by President Uribe\",\"datePublished\":\"2005-03-31T05:00:00+00:00\",\"dateModified\":\"2017-04-11T12:17:50+00:00\",\"mainEntityOfPage\":{\"@id\":\"https:\/\/www.dejusticia.org\/sobre-san-jose-de-apartado\/\"},\"wordCount\":927,\"publisher\":{\"@id\":\"https:\/\/www.dejusticia.org\/#organization\"},\"inLanguage\":\"en\",\"copyrightYear\":\"2005\",\"copyrightHolder\":{\"@id\":\"https:\/\/develop.dejusticia.org\/#organization\"}},{\"@type\":\"WebPage\",\"@id\":\"https:\/\/www.dejusticia.org\/sobre-san-jose-de-apartado\/\",\"url\":\"https:\/\/www.dejusticia.org\/sobre-san-jose-de-apartado\/\",\"name\":\"Contradictions made by President Uribe - Dejusticia\",\"isPartOf\":{\"@id\":\"https:\/\/www.dejusticia.org\/#website\"},\"datePublished\":\"2005-03-31T05:00:00+00:00\",\"dateModified\":\"2017-04-11T12:17:50+00:00\",\"breadcrumb\":{\"@id\":\"https:\/\/www.dejusticia.org\/sobre-san-jose-de-apartado\/#breadcrumb\"},\"inLanguage\":\"en\",\"potentialAction\":[{\"@type\":\"ReadAction\",\"target\":[\"https:\/\/www.dejusticia.org\/sobre-san-jose-de-apartado\/\"]}]},{\"@type\":\"BreadcrumbList\",\"@id\":\"https:\/\/www.dejusticia.org\/sobre-san-jose-de-apartado\/#breadcrumb\",\"itemListElement\":[{\"@type\":\"ListItem\",\"position\":1,\"name\":\"Home\",\"item\":\"https:\/\/www.dejusticia.org\/en\/\"},{\"@type\":\"ListItem\",\"position\":2,\"name\":\"Contradictions made by President Uribe\"}]},{\"@type\":\"WebSite\",\"@id\":\"https:\/\/www.dejusticia.org\/#website\",\"url\":\"https:\/\/www.dejusticia.org\/\",\"name\":\"Dejusticia\",\"description\":\"Centro de Estudios de Derecho, Justicia y Sociedad\",\"publisher\":{\"@id\":\"https:\/\/www.dejusticia.org\/#organization\"},\"potentialAction\":[{\"@type\":\"SearchAction\",\"target\":{\"@type\":\"EntryPoint\",\"urlTemplate\":\"https:\/\/www.dejusticia.org\/?s={search_term_string}\"},\"query-input\":{\"@type\":\"PropertyValueSpecification\",\"valueRequired\":true,\"valueName\":\"search_term_string\"}}],\"inLanguage\":\"en\"},{\"@type\":[\"NGO\",\"ResearchOrganization\"],\"@id\":\"https:\/\/www.dejusticia.org\/#organization\",\"name\":\"Dejusticia\",\"url\":\"https:\/\/www.dejusticia.org\/\",\"logo\":{\"@type\":\"ImageObject\",\"inLanguage\":\"en\",\"@id\":\"https:\/\/www.dejusticia.org\/#\/schema\/logo\/image\/\",\"url\":\"https:\/\/develop.dejusticia.org\/wp-content\/uploads\/2020\/09\/logo-v1-dejusticia-MC.svg\",\"contentUrl\":\"https:\/\/develop.dejusticia.org\/wp-content\/uploads\/2020\/09\/logo-v1-dejusticia-MC.svg\",\"width\":1,\"height\":1,\"caption\":\"Dejusticia\"},\"image\":{\"@id\":\"https:\/\/www.dejusticia.org\/#\/schema\/logo\/image\/\"},\"sameAs\":[\"https:\/\/www.facebook.com\/Dejusticia\/\",\"https:\/\/x.com\/dejusticia\",\"https:\/\/www.youtube.com\/channel\/UCbwnwY8oIpHCug4R3KhjewQ\/feed\"],\"knowsAbout\":[\"Anti-Discrimination\",\"Rule of Law\",\"Environmental Justice\",\"Economic Justice\",\"Transitional Justice\",\"Drug Policy\",\"Judicial System\"]},{\"@type\":\"Person\",\"@id\":\"https:\/\/www.dejusticia.org\/#\/schema\/person\/d5933ad4c269c4b6c2acbf717ceeb0d6\",\"name\":\"Mauricio Garc\u00eda Villegas\",\"image\":{\"@type\":\"ImageObject\",\"inLanguage\":\"en\",\"@id\":\"https:\/\/www.dejusticia.org\/#\/schema\/person\/image\/\",\"url\":\"https:\/\/secure.gravatar.com\/avatar\/6789652e6645cb6eabc2b7e10095952474013398635e5aade12b153e3571a300?s=96&d=mm&r=g\",\"contentUrl\":\"https:\/\/secure.gravatar.com\/avatar\/6789652e6645cb6eabc2b7e10095952474013398635e5aade12b153e3571a300?s=96&d=mm&r=g\",\"caption\":\"Mauricio Garc\u00eda Villegas\"},\"url\":\"https:\/\/develop.dejusticia.org\/en\/responsible\/mauricio-garcia-villegas\/\"}]}<\/script>\n<!-- \/ Yoast SEO Premium plugin. -->","yoast_head_json":{"title":"Contradictions made by President Uribe - Dejusticia","robots":{"index":"index","follow":"follow","max-snippet":"max-snippet:-1","max-image-preview":"max-image-preview:large","max-video-preview":"max-video-preview:-1"},"canonical":"https:\/\/www.dejusticia.org\/sobre-san-jose-de-apartado\/","og_locale":"en_US","og_type":"article","og_title":"Contradictions made by President Uribe","og_description":"Mauricio Garc\u00eda Villegas, investigator with Dejusticia demonstrates the contradictions that President Uribe has made by denying that there is an armed conflict and at the same time treating dissidents as enemies.","og_url":"https:\/\/www.dejusticia.org\/sobre-san-jose-de-apartado\/","og_site_name":"Dejusticia","article_publisher":"https:\/\/www.facebook.com\/Dejusticia\/","article_published_time":"2005-03-31T05:00:00+00:00","article_modified_time":"2017-04-11T12:17:50+00:00","author":"Mauricio Garc\u00eda Villegas","twitter_card":"summary_large_image","twitter_creator":"@dejusticia","twitter_site":"@dejusticia","twitter_misc":{"Written by":"Mauricio Garc\u00eda Villegas","Est. reading time":"5 minutes"},"schema":{"@context":"https:\/\/schema.org","@graph":[{"@type":"NewsArticle","@id":"https:\/\/www.dejusticia.org\/sobre-san-jose-de-apartado\/#article","isPartOf":{"@id":"https:\/\/www.dejusticia.org\/sobre-san-jose-de-apartado\/"},"author":{"name":"Mauricio Garc\u00eda Villegas","@id":"https:\/\/www.dejusticia.org\/#\/schema\/person\/d5933ad4c269c4b6c2acbf717ceeb0d6"},"headline":"Contradictions made by President Uribe","datePublished":"2005-03-31T05:00:00+00:00","dateModified":"2017-04-11T12:17:50+00:00","mainEntityOfPage":{"@id":"https:\/\/www.dejusticia.org\/sobre-san-jose-de-apartado\/"},"wordCount":927,"publisher":{"@id":"https:\/\/www.dejusticia.org\/#organization"},"inLanguage":"en","copyrightYear":"2005","copyrightHolder":{"@id":"https:\/\/develop.dejusticia.org\/#organization"}},{"@type":"WebPage","@id":"https:\/\/www.dejusticia.org\/sobre-san-jose-de-apartado\/","url":"https:\/\/www.dejusticia.org\/sobre-san-jose-de-apartado\/","name":"Contradictions made by President Uribe - Dejusticia","isPartOf":{"@id":"https:\/\/www.dejusticia.org\/#website"},"datePublished":"2005-03-31T05:00:00+00:00","dateModified":"2017-04-11T12:17:50+00:00","breadcrumb":{"@id":"https:\/\/www.dejusticia.org\/sobre-san-jose-de-apartado\/#breadcrumb"},"inLanguage":"en","potentialAction":[{"@type":"ReadAction","target":["https:\/\/www.dejusticia.org\/sobre-san-jose-de-apartado\/"]}]},{"@type":"BreadcrumbList","@id":"https:\/\/www.dejusticia.org\/sobre-san-jose-de-apartado\/#breadcrumb","itemListElement":[{"@type":"ListItem","position":1,"name":"Home","item":"https:\/\/www.dejusticia.org\/en\/"},{"@type":"ListItem","position":2,"name":"Contradictions made by President Uribe"}]},{"@type":"WebSite","@id":"https:\/\/www.dejusticia.org\/#website","url":"https:\/\/www.dejusticia.org\/","name":"Dejusticia","description":"Centro de Estudios de Derecho, Justicia y Sociedad","publisher":{"@id":"https:\/\/www.dejusticia.org\/#organization"},"potentialAction":[{"@type":"SearchAction","target":{"@type":"EntryPoint","urlTemplate":"https:\/\/www.dejusticia.org\/?s={search_term_string}"},"query-input":{"@type":"PropertyValueSpecification","valueRequired":true,"valueName":"search_term_string"}}],"inLanguage":"en"},{"@type":["NGO","ResearchOrganization"],"@id":"https:\/\/www.dejusticia.org\/#organization","name":"Dejusticia","url":"https:\/\/www.dejusticia.org\/","logo":{"@type":"ImageObject","inLanguage":"en","@id":"https:\/\/www.dejusticia.org\/#\/schema\/logo\/image\/","url":"https:\/\/develop.dejusticia.org\/wp-content\/uploads\/2020\/09\/logo-v1-dejusticia-MC.svg","contentUrl":"https:\/\/develop.dejusticia.org\/wp-content\/uploads\/2020\/09\/logo-v1-dejusticia-MC.svg","width":1,"height":1,"caption":"Dejusticia"},"image":{"@id":"https:\/\/www.dejusticia.org\/#\/schema\/logo\/image\/"},"sameAs":["https:\/\/www.facebook.com\/Dejusticia\/","https:\/\/x.com\/dejusticia","https:\/\/www.youtube.com\/channel\/UCbwnwY8oIpHCug4R3KhjewQ\/feed"],"knowsAbout":["Anti-Discrimination","Rule of Law","Environmental Justice","Economic Justice","Transitional Justice","Drug Policy","Judicial System"]},{"@type":"Person","@id":"https:\/\/www.dejusticia.org\/#\/schema\/person\/d5933ad4c269c4b6c2acbf717ceeb0d6","name":"Mauricio Garc\u00eda Villegas","image":{"@type":"ImageObject","inLanguage":"en","@id":"https:\/\/www.dejusticia.org\/#\/schema\/person\/image\/","url":"https:\/\/secure.gravatar.com\/avatar\/6789652e6645cb6eabc2b7e10095952474013398635e5aade12b153e3571a300?s=96&d=mm&r=g","contentUrl":"https:\/\/secure.gravatar.com\/avatar\/6789652e6645cb6eabc2b7e10095952474013398635e5aade12b153e3571a300?s=96&d=mm&r=g","caption":"Mauricio Garc\u00eda Villegas"},"url":"https:\/\/develop.dejusticia.org\/en\/responsible\/mauricio-garcia-villegas\/"}]}},"views":173,"translations":[{"en":{"translation_id":"8903","language_code":"en","element_id":"25336","source_language_code":"es","element_type":"post_post","original":"0","post_title":"Contradictions made by President Uribe","post_status":"publish"},"es":{"translation_id":"8902","language_code":"es","element_id":"25335","source_language_code":null,"element_type":"post_post","original":"1","post_title":"Sobre San Jos\u00e9 de Apartad\u00f3","post_status":"publish"}}],"_links":{"self":[{"href":"https:\/\/develop.dejusticia.org\/en\/wp-json\/wp\/v2\/posts\/25336","targetHints":{"allow":["GET"]}}],"collection":[{"href":"https:\/\/develop.dejusticia.org\/en\/wp-json\/wp\/v2\/posts"}],"about":[{"href":"https:\/\/develop.dejusticia.org\/en\/wp-json\/wp\/v2\/types\/post"}],"author":[{"embeddable":true,"href":"https:\/\/develop.dejusticia.org\/en\/wp-json\/wp\/v2\/users\/18"}],"replies":[{"embeddable":true,"href":"https:\/\/develop.dejusticia.org\/en\/wp-json\/wp\/v2\/comments?post=25336"}],"version-history":[{"count":0,"href":"https:\/\/develop.dejusticia.org\/en\/wp-json\/wp\/v2\/posts\/25336\/revisions"}],"wp:attachment":[{"href":"https:\/\/develop.dejusticia.org\/en\/wp-json\/wp\/v2\/media?parent=25336"}],"wp:term":[{"taxonomy":"category","embeddable":true,"href":"https:\/\/develop.dejusticia.org\/en\/wp-json\/wp\/v2\/categories?post=25336"},{"taxonomy":"post_tag","embeddable":true,"href":"https:\/\/develop.dejusticia.org\/en\/wp-json\/wp\/v2\/tags?post=25336"}],"curies":[{"name":"wp","href":"https:\/\/api.w.org\/{rel}","templated":true}]}}